{"id":1104,"date":"2021-05-31T18:05:00","date_gmt":"2021-05-31T18:05:00","guid":{"rendered":"https:\/\/www.pamq.org\/?p=1104"},"modified":"2021-09-06T03:05:25","modified_gmt":"2021-09-06T03:05:25","slug":"departure-of-the-executive-director-dr-anne-magnan","status":"publish","type":"post","link":"https:\/\/www.pamq.org\/en\/departure-of-the-executive-director-dr-anne-magnan\/","title":{"rendered":"Departure of the Executive Director, Dr. Anne Magnan"},"content":{"rendered":"\n<p><strong>PRESS RELEASE<br>For immediate release<\/strong><\/p>\n\n\n\n<div style=\"height:25px\" aria-hidden=\"true\" class=\"wp-block-spacer\"><\/div>\n\n\n\n<p class=\"has-text-align-center\"><strong>Qu\u00e9bec Physicians\u2019 Health Program<br>Departure of Dr. Anne Magnan, General Manager<\/strong><\/p>\n\n\n\n<p><strong>Montr\u00e9al, May 31, 2021<\/strong> \u2013 Dr. Jacques G. Bergeron, Chair of the Board of Directors of the Qu\u00e9bec Physicians\u2019 Health Program (QPHP), has announced the decision of Dr. Anne Magnan, the director of the organization, to step down from her duties as of May 31, after more than 20 years of loyal service.<\/p>\n\n\n\n<p>\u201cOn behalf of the Board of Directors, employees, and physician advisors, I would like to thank Dr. Magnan for her significant contribution to the development and impact of the QPHP,\u201d Dr. Bergeron said. \u201cUnder her leadership, through her determination and commitment, the Program has become a model in physician health and peer support. Dr. Magnan leaves behind a stable organization and a seasoned team ready to pursue its mission. In the current context of the pandemic and the growing challenges in physician health and wellness, the QPHP remains more relevant than ever,\u201d he added.<\/p>\n\n\n\n<p>\u201cAlthough my decision to leave the Program was difficult, it was long considered and motivated by the desire to start a new chapter in my professional life. I would like to thank the employees, the physician advisors, and all our partners who have believed in and supported the QPHP\u2019s mission over the years. Physician health is now a top priority in the medical community. I am proud of how far we have come, and I leave with a sense of accomplishment,\u201d Dr. Magnan said.<\/p>\n\n\n\n<p>The QPHP Board of Directors has begun the recruitment process to fill the position. An interim general manager will hold the position until the next director is appointed.<\/p>\n\n\n\n<div style=\"height:25px\" aria-hidden=\"true\" class=\"wp-block-spacer\"><\/div>\n\n\n\n<p><strong>About the QPHP<\/strong><\/p>\n\n\n\n<p>Created in 1990, the Qu\u00e9bec Physicians\u2019 Health Program (QPHP) is an independent non-profit organization whose mission is to provide strictly confidential assistance to all physicians, residents and medical students who are facing a difficult situation that affects their psychological and overall health. In addition to providing counselling services to physicians, the organization designs and implements psychological health prevention programs and contributes to physician health research. The QPHP\u2019s counselling and support services are available in both French and English, free of charge, 365 days a year.<\/p>\n\n\n\n<p class=\"has-text-align-center\">\u2013 30 \u2013<\/p>\n","protected":false},"excerpt":{"rendered":"<p>PRESS RELEASEFor immediate release Qu\u00e9bec Physicians\u2019 Health ProgramDeparture of Dr. Anne Magnan, General Manager Montr\u00e9al, May 31, 2021 \u2013 Dr. Jacques G. Bergeron, Chair of the Board of Directors of the Qu\u00e9bec Physicians\u2019 Health Program (QPHP), has announced the decision of Dr. Anne Magnan, the director of the organization, to step down from her duties [&hellip;]<\/p>\n","protected":false},"author":4,"featured_media":0,"comment_status":"open","ping_status":"closed","sticky":false,"template":"","format":"standard","meta":{"footnotes":"","_links_to":"","_links_to_target":""},"categories":[31],"tags":[],"class_list":["post-1104","post","type-post","status-publish","format-standard","hentry","category-press-release"],"yoast_head":"<!-- This site is optimized with the Yoast SEO plugin v27.1.1 - https:\/\/yoast.com\/product\/yoast-seo-wordpress\/ -->\n<title>Departure of the Executive Director, Dr. Anne Magnan - PAMQ<\/title>\n<meta name=\"robots\" content=\"index, follow, max-snippet:-1, max-image-preview:large, max-video-preview:-1\" \/>\n<link rel=\"canonical\" href=\"https:\/\/www.pamq.org\/en\/departure-of-the-executive-director-dr-anne-magnan\/\" \/>\n<meta property=\"og:locale\" content=\"en_US\" \/>\n<meta property=\"og:type\" content=\"article\" \/>\n<meta property=\"og:title\" content=\"Departure of the Executive Director, Dr. Anne Magnan - PAMQ\" \/>\n<meta property=\"og:description\" content=\"PRESS RELEASEFor immediate release Qu\u00e9bec Physicians\u2019 Health ProgramDeparture of Dr. Anne Magnan, General Manager Montr\u00e9al, May 31, 2021 \u2013 Dr. Jacques G. Bergeron, Chair of the Board of Directors of the Qu\u00e9bec Physicians\u2019 Health Program (QPHP), has announced the decision of Dr. Anne Magnan, the director of the organization, to step down from her duties [&hellip;]\" \/>\n<meta property=\"og:url\" content=\"https:\/\/www.pamq.org\/en\/departure-of-the-executive-director-dr-anne-magnan\/\" \/>\n<meta property=\"og:site_name\" content=\"PAMQ\" \/>\n<meta property=\"article:publisher\" content=\"https:\/\/www.facebook.com\/santedesmds\/\" \/>\n<meta property=\"article:published_time\" content=\"2021-05-31T18:05:00+00:00\" \/>\n<meta property=\"article:modified_time\" content=\"2021-09-06T03:05:25+00:00\" \/>\n<meta property=\"og:image\" content=\"https:\/\/www.pamq.org\/wp-content\/uploads\/2022\/03\/PAMQ_FB1200x360-02-scaled.jpg\" \/>\n\t<meta property=\"og:image:width\" content=\"2560\" \/>\n\t<meta property=\"og:image:height\" content=\"1344\" \/>\n\t<meta property=\"og:image:type\" content=\"image\/jpeg\" \/>\n<meta name=\"author\" content=\"Jos\u00e9e-Rapha\u00eble Brodeur\" \/>\n<meta name=\"twitter:card\" content=\"summary_large_image\" \/>\n<meta name=\"twitter:label1\" content=\"Written by\" \/>\n\t<meta name=\"twitter:data1\" content=\"Jos\u00e9e-Rapha\u00eble Brodeur\" \/>\n\t<meta name=\"twitter:label2\" content=\"Est. reading time\" \/>\n\t<meta name=\"twitter:data2\" content=\"2 minutes\" \/>\n<script type=\"application\/ld+json\" class=\"yoast-schema-graph\">{\"@context\":\"https:\/\/schema.org\",\"@graph\":[{\"@type\":\"Article\",\"@id\":\"https:\/\/www.pamq.org\/en\/departure-of-the-executive-director-dr-anne-magnan\/#article\",\"isPartOf\":{\"@id\":\"https:\/\/www.pamq.org\/en\/departure-of-the-executive-director-dr-anne-magnan\/\"},\"author\":{\"name\":\"Jos\u00e9e-Rapha\u00eble Brodeur\",\"@id\":\"https:\/\/www.pamq.org\/en\/#\/schema\/person\/51ddde0d85cf505e4359195965e3573c\"},\"headline\":\"Departure of the Executive Director, Dr. Anne Magnan\",\"datePublished\":\"2021-05-31T18:05:00+00:00\",\"dateModified\":\"2021-09-06T03:05:25+00:00\",\"mainEntityOfPage\":{\"@id\":\"https:\/\/www.pamq.org\/en\/departure-of-the-executive-director-dr-anne-magnan\/\"},\"wordCount\":368,\"commentCount\":0,\"publisher\":{\"@id\":\"https:\/\/www.pamq.org\/en\/#organization\"},\"articleSection\":[\"PRESS RELEASE\"],\"inLanguage\":\"en-US\"},{\"@type\":\"WebPage\",\"@id\":\"https:\/\/www.pamq.org\/en\/departure-of-the-executive-director-dr-anne-magnan\/\",\"url\":\"https:\/\/www.pamq.org\/en\/departure-of-the-executive-director-dr-anne-magnan\/\",\"name\":\"Departure of the Executive Director, Dr. Anne Magnan - PAMQ\",\"isPartOf\":{\"@id\":\"https:\/\/www.pamq.org\/en\/#website\"},\"datePublished\":\"2021-05-31T18:05:00+00:00\",\"dateModified\":\"2021-09-06T03:05:25+00:00\",\"breadcrumb\":{\"@id\":\"https:\/\/www.pamq.org\/en\/departure-of-the-executive-director-dr-anne-magnan\/#breadcrumb\"},\"inLanguage\":\"en-US\",\"potentialAction\":[{\"@type\":\"ReadAction\",\"target\":[\"https:\/\/www.pamq.org\/en\/departure-of-the-executive-director-dr-anne-magnan\/\"]}]},{\"@type\":\"BreadcrumbList\",\"@id\":\"https:\/\/www.pamq.org\/en\/departure-of-the-executive-director-dr-anne-magnan\/#breadcrumb\",\"itemListElement\":[{\"@type\":\"ListItem\",\"position\":1,\"name\":\"Accueil\",\"item\":\"https:\/\/www.pamq.org\/en\/\"},{\"@type\":\"ListItem\",\"position\":2,\"name\":\"Departure of the Executive Director, Dr. Anne Magnan\"}]},{\"@type\":\"WebSite\",\"@id\":\"https:\/\/www.pamq.org\/en\/#website\",\"url\":\"https:\/\/www.pamq.org\/en\/\",\"name\":\"PAMQ\",\"description\":\"\",\"publisher\":{\"@id\":\"https:\/\/www.pamq.org\/en\/#organization\"},\"potentialAction\":[{\"@type\":\"SearchAction\",\"target\":{\"@type\":\"EntryPoint\",\"urlTemplate\":\"https:\/\/www.pamq.org\/en\/?s={search_term_string}\"},\"query-input\":{\"@type\":\"PropertyValueSpecification\",\"valueRequired\":true,\"valueName\":\"search_term_string\"}}],\"inLanguage\":\"en-US\"},{\"@type\":\"Organization\",\"@id\":\"https:\/\/www.pamq.org\/en\/#organization\",\"name\":\"PAMQ\",\"url\":\"https:\/\/www.pamq.org\/en\/\",\"logo\":{\"@type\":\"ImageObject\",\"inLanguage\":\"en-US\",\"@id\":\"https:\/\/www.pamq.org\/en\/#\/schema\/logo\/image\/\",\"url\":\"https:\/\/www.pamq.org\/wp-content\/uploads\/2021\/08\/logo-pamq.png\",\"contentUrl\":\"https:\/\/www.pamq.org\/wp-content\/uploads\/2021\/08\/logo-pamq.png\",\"width\":244,\"height\":65,\"caption\":\"PAMQ\"},\"image\":{\"@id\":\"https:\/\/www.pamq.org\/en\/#\/schema\/logo\/image\/\"},\"sameAs\":[\"https:\/\/www.facebook.com\/santedesmds\/\",\"https:\/\/www.linkedin.com\/company\/pamq\"]},{\"@type\":\"Person\",\"@id\":\"https:\/\/www.pamq.org\/en\/#\/schema\/person\/51ddde0d85cf505e4359195965e3573c\",\"name\":\"Jos\u00e9e-Rapha\u00eble Brodeur\",\"image\":{\"@type\":\"ImageObject\",\"inLanguage\":\"en-US\",\"@id\":\"https:\/\/www.pamq.org\/en\/#\/schema\/person\/image\/\",\"url\":\"https:\/\/secure.gravatar.com\/avatar\/bfb27c3ec8ae81e73138495709e31b6ff444f453a85efb9034c9dcfa650a1289?s=96&d=mm&r=g\",\"contentUrl\":\"https:\/\/secure.gravatar.com\/avatar\/bfb27c3ec8ae81e73138495709e31b6ff444f453a85efb9034c9dcfa650a1289?s=96&d=mm&r=g\",\"caption\":\"Jos\u00e9e-Rapha\u00eble Brodeur\"},\"sameAs\":[\"https:\/\/www.pamq.org\/\"],\"url\":\"https:\/\/www.pamq.org\/en\/author\/agent-compamq-org\/\"}]}<\/script>\n<!-- \/ Yoast SEO plugin. -->","yoast_head_json":{"title":"Departure of the Executive Director, Dr. Anne Magnan - PAMQ","robots":{"index":"index","follow":"follow","max-snippet":"max-snippet:-1","max-image-preview":"max-image-preview:large","max-video-preview":"max-video-preview:-1"},"canonical":"https:\/\/www.pamq.org\/en\/departure-of-the-executive-director-dr-anne-magnan\/","og_locale":"en_US","og_type":"article","og_title":"Departure of the Executive Director, Dr. Anne Magnan - PAMQ","og_description":"PRESS RELEASEFor immediate release Qu\u00e9bec Physicians\u2019 Health ProgramDeparture of Dr. Anne Magnan, General Manager Montr\u00e9al, May 31, 2021 \u2013 Dr. Jacques G. Bergeron, Chair of the Board of Directors of the Qu\u00e9bec Physicians\u2019 Health Program (QPHP), has announced the decision of Dr. Anne Magnan, the director of the organization, to step down from her duties [&hellip;]","og_url":"https:\/\/www.pamq.org\/en\/departure-of-the-executive-director-dr-anne-magnan\/","og_site_name":"PAMQ","article_publisher":"https:\/\/www.facebook.com\/santedesmds\/","article_published_time":"2021-05-31T18:05:00+00:00","article_modified_time":"2021-09-06T03:05:25+00:00","og_image":[{"width":2560,"height":1344,"url":"https:\/\/www.pamq.org\/wp-content\/uploads\/2022\/03\/PAMQ_FB1200x360-02-scaled.jpg","type":"image\/jpeg"}],"author":"Jos\u00e9e-Rapha\u00eble Brodeur","twitter_card":"summary_large_image","twitter_misc":{"Written by":"Jos\u00e9e-Rapha\u00eble Brodeur","Est. reading time":"2 minutes"},"schema":{"@context":"https:\/\/schema.org","@graph":[{"@type":"Article","@id":"https:\/\/www.pamq.org\/en\/departure-of-the-executive-director-dr-anne-magnan\/#article","isPartOf":{"@id":"https:\/\/www.pamq.org\/en\/departure-of-the-executive-director-dr-anne-magnan\/"},"author":{"name":"Jos\u00e9e-Rapha\u00eble Brodeur","@id":"https:\/\/www.pamq.org\/en\/#\/schema\/person\/51ddde0d85cf505e4359195965e3573c"},"headline":"Departure of the Executive Director, Dr. Anne Magnan","datePublished":"2021-05-31T18:05:00+00:00","dateModified":"2021-09-06T03:05:25+00:00","mainEntityOfPage":{"@id":"https:\/\/www.pamq.org\/en\/departure-of-the-executive-director-dr-anne-magnan\/"},"wordCount":368,"commentCount":0,"publisher":{"@id":"https:\/\/www.pamq.org\/en\/#organization"},"articleSection":["PRESS RELEASE"],"inLanguage":"en-US"},{"@type":"WebPage","@id":"https:\/\/www.pamq.org\/en\/departure-of-the-executive-director-dr-anne-magnan\/","url":"https:\/\/www.pamq.org\/en\/departure-of-the-executive-director-dr-anne-magnan\/","name":"Departure of the Executive Director, Dr. Anne Magnan - PAMQ","isPartOf":{"@id":"https:\/\/www.pamq.org\/en\/#website"},"datePublished":"2021-05-31T18:05:00+00:00","dateModified":"2021-09-06T03:05:25+00:00","breadcrumb":{"@id":"https:\/\/www.pamq.org\/en\/departure-of-the-executive-director-dr-anne-magnan\/#breadcrumb"},"inLanguage":"en-US","potentialAction":[{"@type":"ReadAction","target":["https:\/\/www.pamq.org\/en\/departure-of-the-executive-director-dr-anne-magnan\/"]}]},{"@type":"BreadcrumbList","@id":"https:\/\/www.pamq.org\/en\/departure-of-the-executive-director-dr-anne-magnan\/#breadcrumb","itemListElement":[{"@type":"ListItem","position":1,"name":"Accueil","item":"https:\/\/www.pamq.org\/en\/"},{"@type":"ListItem","position":2,"name":"Departure of the Executive Director, Dr. Anne Magnan"}]},{"@type":"WebSite","@id":"https:\/\/www.pamq.org\/en\/#website","url":"https:\/\/www.pamq.org\/en\/","name":"PAMQ","description":"","publisher":{"@id":"https:\/\/www.pamq.org\/en\/#organization"},"potentialAction":[{"@type":"SearchAction","target":{"@type":"EntryPoint","urlTemplate":"https:\/\/www.pamq.org\/en\/?s={search_term_string}"},"query-input":{"@type":"PropertyValueSpecification","valueRequired":true,"valueName":"search_term_string"}}],"inLanguage":"en-US"},{"@type":"Organization","@id":"https:\/\/www.pamq.org\/en\/#organization","name":"PAMQ","url":"https:\/\/www.pamq.org\/en\/","logo":{"@type":"ImageObject","inLanguage":"en-US","@id":"https:\/\/www.pamq.org\/en\/#\/schema\/logo\/image\/","url":"https:\/\/www.pamq.org\/wp-content\/uploads\/2021\/08\/logo-pamq.png","contentUrl":"https:\/\/www.pamq.org\/wp-content\/uploads\/2021\/08\/logo-pamq.png","width":244,"height":65,"caption":"PAMQ"},"image":{"@id":"https:\/\/www.pamq.org\/en\/#\/schema\/logo\/image\/"},"sameAs":["https:\/\/www.facebook.com\/santedesmds\/","https:\/\/www.linkedin.com\/company\/pamq"]},{"@type":"Person","@id":"https:\/\/www.pamq.org\/en\/#\/schema\/person\/51ddde0d85cf505e4359195965e3573c","name":"Jos\u00e9e-Rapha\u00eble Brodeur","image":{"@type":"ImageObject","inLanguage":"en-US","@id":"https:\/\/www.pamq.org\/en\/#\/schema\/person\/image\/","url":"https:\/\/secure.gravatar.com\/avatar\/bfb27c3ec8ae81e73138495709e31b6ff444f453a85efb9034c9dcfa650a1289?s=96&d=mm&r=g","contentUrl":"https:\/\/secure.gravatar.com\/avatar\/bfb27c3ec8ae81e73138495709e31b6ff444f453a85efb9034c9dcfa650a1289?s=96&d=mm&r=g","caption":"Jos\u00e9e-Rapha\u00eble Brodeur"},"sameAs":["https:\/\/www.pamq.org\/"],"url":"https:\/\/www.pamq.org\/en\/author\/agent-compamq-org\/"}]}},"_links":{"self":[{"href":"https:\/\/www.pamq.org\/en\/wp-json\/wp\/v2\/posts\/1104","targetHints":{"allow":["GET"]}}],"collection":[{"href":"https:\/\/www.pamq.org\/en\/wp-json\/wp\/v2\/posts"}],"about":[{"href":"https:\/\/www.pamq.org\/en\/wp-json\/wp\/v2\/types\/post"}],"author":[{"embeddable":true,"href":"https:\/\/www.pamq.org\/en\/wp-json\/wp\/v2\/users\/4"}],"replies":[{"embeddable":true,"href":"https:\/\/www.pamq.org\/en\/wp-json\/wp\/v2\/comments?post=1104"}],"version-history":[{"count":5,"href":"https:\/\/www.pamq.org\/en\/wp-json\/wp\/v2\/posts\/1104\/revisions"}],"predecessor-version":[{"id":1452,"href":"https:\/\/www.pamq.org\/en\/wp-json\/wp\/v2\/posts\/1104\/revisions\/1452"}],"wp:attachment":[{"href":"https:\/\/www.pamq.org\/en\/wp-json\/wp\/v2\/media?parent=1104"}],"wp:term":[{"taxonomy":"category","embeddable":true,"href":"https:\/\/www.pamq.org\/en\/wp-json\/wp\/v2\/categories?post=1104"},{"taxonomy":"post_tag","embeddable":true,"href":"https:\/\/www.pamq.org\/en\/wp-json\/wp\/v2\/tags?post=1104"}],"curies":[{"name":"wp","href":"https:\/\/api.w.org\/{rel}","templated":true}]}}